{"id":130630,"date":"2013-11-22T14:41:32","date_gmt":"2013-11-22T13:41:32","guid":{"rendered":"http:\/\/www.pcnen.com\/portal\/?p=130630"},"modified":"2013-11-22T14:42:24","modified_gmt":"2013-11-22T13:42:24","slug":"medijska-mafija","status":"publish","type":"post","link":"https:\/\/www.pcnen.com\/portal\/2013\/11\/22\/medijska-mafija\/","title":{"rendered":"Medijska mafija"},"content":{"rendered":"<p>Javnost i portali su preplavljeni komentarima o incidentu koji se dogodio u Skup\u0161tini Crne Gore kada je premijer nazvao poslanika Pozitivne partije bitangom i pozvao ga, valjda, na fizi\u010dki obra\u010dun. Incidentu je predhodilo izlaganje premijera sa 20-godi\u0161njim sta\u017eom na toj funkciji (dakle sa veoma velikim iskustvom) koji je nazvao poslanike Pozitivne partije &#8211; poslanicima medijske mafije. A tu madjsku mafiju valjda \u010dine \u201cVijesti\u201c i \u201cMonitor\u201c, tj. \u017deljko Ivanovi\u0107 i Miodrag Perovi\u0107, prije svih. Dakle, svi se bave sporednim \u2013 incidetom izme\u0111u premijera \u0110ukanovi\u0107a i poslanika Abazovi\u0107a, niko su\u0161tinom \u2013 premijerskim priznanjem da postoji medijska mafija koja slobodno djeluje!<\/p>\n<p>Ponavljam, premijer je u Skup\u0161tini Crne Gore (tom najve\u0107em zakonodavnom domu, kako se voli re\u0107i) na premijerskom satu, zvani\u010dno, sa mjesta premijera, ustvrdio da u Crnoj Gori postoji i djeluje mafija (medijska ili bilo koja druga, nebitno)! Nije to izjavio kao predsjednik DPS \u201cu \u017earu politi\u010dke borbe\u201c na nekom predizbornom skupu, ve\u0107 za skup\u0161tinskom govornicom. Konstataciju je iznio bez ikakve rezerve i ograde.<\/p>\n<p>U svakoj pravnoj dr\u017eavi tra\u017eila bi se ostavka premijera, ne bi se razglabalo o tome da li je izraz \u201cbitango\u201c primjeren premijeru (li\u010dno mislim da jeste), da li je eventualni premijerov poziv na fizi\u010dki obra\u010dun sa poslanikom tako\u0111e primjeren (opet mislim da jeste primjeren za na\u0161eg premijera). Jo\u0161 kada se zna da je on, po sopstvenom priznanju, novcem (ne zna se njegovim ili na\u0161im, to ga niko od vajnih novinara nikada nije pitao), dao osniva\u010dki kapital toj medijskoj mafiji!<\/p>\n<p>Dakle, po mom skromnom i lai\u010dkom shvatanju, ako premijer sa zvani\u010dnog mjesta tvrdi da postoji mafija, ta mafija slobodno djeluje, jo\u0161 je mafija vlasnik najuticajnijih medija u dr\u017eavi, onda je logi\u010dno da premijer: ili podnese ostavku ili da se ona bezuslovno tra\u017ei od njega. Zatim, da vladaju\u0107e partije, prije svih DPS, preuzmu politi\u010dku odgovornost zbog postajanja mafije koja je slobodna, pri tom vlada medijima, pride ima \u010dak svoju partiju u Skup\u0161tini! Zatim da se uvede vanredno stanje zbog instaliranja mafije \u010dak i u Skup\u0161tini, jer smo mi onda &#8211; i\u00a0 su\u0161tinski, i pravno, i formalno mafija\u0161ka dr\u017eava, po priznanju samog premijera.<\/p>\n<p>Volio bih da me politi\u010dki analiti\u010dari, profesionalni novinari, teoreti\u010dari, profesori i predava\u010di na politi\u010dkim naukama demantuju ako nijesam u pravu.<\/p>\n<p>Usput, znamo da se bez pravosna\u017ene presude ne smije nazivati neko: kriminalcem, ubicom, plja\u010dka\u0161em, a tek mafija\u0161em. Za te i takve smo izmislili fin naziv \u201ckontroverzni biznismeni\u201c. Tako su nas bar nau\u010dili, nas, neznavene blogere ili obi\u010dne komentatore na portalima, profesionalni novinari koji nijesu dio navedene medijske mafije, naprotiv, obi\u010dno su to ljubitelji lika i djela premijera, i obrnuto, primijer je njihov ljubitelj i nagraditelj. Eto, dakle, mi obi\u010dni smrtnici ne smijemo, premijer smije.<\/p>\n<p>Ve\u0107 ih vidim kako pi\u0161u o\u0161tre kolumne povodom navedenog, tra\u017ee\u0107i njegovu neopozivu ostavku\u00a0 \ud83d\ude42<\/p>\n<p>Iskreno va\u0161,<\/p>\n<p>Zipp<\/p>\n","protected":false},"excerpt":{"rendered":"<p>ako premijer sa zvani\u010dnog mjesta tvrdi da postoji mafija, ta mafija slobodno djeluje, jo\u0161 je mafija vlasnik najuticajnijih medija u dr\u017eavi, onda je logi\u010dno da premijer: ili podnese ostavku ili da se ona bezuslovno tra\u017ei od njega<\/p>\n","protected":false},"author":12,"featured_media":0,"comment_status":"open","ping_status":"closed","sticky":false,"template":"","format":"standard","meta":{"_seopress_robots_primary_cat":"","_seopress_titles_title":"","_seopress_titles_desc":"","_seopress_robots_index":"","_et_pb_use_builder":"","_et_pb_old_content":"","_et_gb_content_width":"","inline_featured_image":false,"footnotes":""},"categories":[17],"tags":[],"class_list":["post-130630","post","type-post","status-publish","format-standard","hentry","category-blogovi"],"_links":{"self":[{"href":"https:\/\/www.pcnen.com\/portal\/wp-json\/wp\/v2\/posts\/130630","targetHints":{"allow":["GET"]}}],"collection":[{"href":"https:\/\/www.pcnen.com\/portal\/wp-json\/wp\/v2\/posts"}],"about":[{"href":"https:\/\/www.pcnen.com\/portal\/wp-json\/wp\/v2\/types\/post"}],"author":[{"embeddable":true,"href":"https:\/\/www.pcnen.com\/portal\/wp-json\/wp\/v2\/users\/12"}],"replies":[{"embeddable":true,"href":"https:\/\/www.pcnen.com\/portal\/wp-json\/wp\/v2\/comments?post=130630"}],"version-history":[{"count":0,"href":"https:\/\/www.pcnen.com\/portal\/wp-json\/wp\/v2\/posts\/130630\/revisions"}],"wp:attachment":[{"href":"https:\/\/www.pcnen.com\/portal\/wp-json\/wp\/v2\/media?parent=130630"}],"wp:term":[{"taxonomy":"category","embeddable":true,"href":"https:\/\/www.pcnen.com\/portal\/wp-json\/wp\/v2\/categories?post=130630"},{"taxonomy":"post_tag","embeddable":true,"href":"https:\/\/www.pcnen.com\/portal\/wp-json\/wp\/v2\/tags?post=130630"}],"curies":[{"name":"wp","href":"https:\/\/api.w.org\/{rel}","templated":true}]}}