{"id":130590,"date":"2013-11-22T09:10:38","date_gmt":"2013-11-22T08:10:38","guid":{"rendered":"http:\/\/www.pcnen.com\/portal\/?p=130590"},"modified":"2013-11-22T09:10:38","modified_gmt":"2013-11-22T08:10:38","slug":"vijesti-na-tajnom-sastanku-kod-veljovica-bilo-i-pripadnika-tajne-policije","status":"publish","type":"post","link":"https:\/\/www.pcnen.com\/portal\/2013\/11\/22\/vijesti-na-tajnom-sastanku-kod-veljovica-bilo-i-pripadnika-tajne-policije\/","title":{"rendered":"Vijesti: Na tajnom sastanku kod Veljovi\u0107a bilo i pripadnika tajne policije"},"content":{"rendered":"<p>Biv\u0161i direktor Uprave policije a sada\u0161nji savjetnik predsjednika Crne Gore Veselin Veljovi\u0107 je na tajnom sastanku u policijskom kampu na Zlatici (Podgorica) okupio raznovrsnu ekipu, kojoj je, prema navodima Vijesti, zajedni\u010dko mojkova\u010dko porijeklo.<\/p>\n<p>Tajnom sastanku prisustvovali su i pojedini pripadnici Specijalne antiterosti\u010dke jedinice (SAJ), slu\u017ebenici Agencije za nacionalnu bezbjednost (ANB), kao i pripadnik obezbje\u0111enja crnogorskog premijera Mila \u0110ukanovi\u0107a, pi\u0161e podgori\u010dki dnevnik, koji je iz vi\u0161e nezvani\u010dnih, ali pouzdanih izvora dobio imena vi\u0161e od 20-ak osoba koje su se odazvale Veljovi\u0107evom pozivu i 9. novembra, mimo propisa, sastan\u010dile i mezile u sjedi\u0161tu elitnih policijskih jedinica.<\/p>\n<p>Unutra\u0161nja kontrola u Upravi policije istra\u017euje ovaj slu\u010daj.<\/p>\n<p>Veljovi\u0107 tvrdi da je na ilegalnom skupu govorio o NATO integracijama, dok insajderski izvori Vijesti navode da je biv\u0161i direktor Uprave policije tra\u017eio od prisutnih da odu na teren i pomognu Demokratskoj partiji socijalista da pobijedi u Mojkovcu na lokalnim izborima.<\/p>\n","protected":false},"excerpt":{"rendered":"<p>Biv\u0161i direktor Uprave policije a sada\u0161nji savjetnik predsjednika Crne Gore Veselin Veljovi\u0107 je na tajnom sastanku u policijskom kampu na Zlatici (Podgorica) okupio raznovrsnu ekipu, kojoj je, prema navodima Vijesti, zajedni\u010dko mojkova\u010dko porijeklo.<\/p>\n","protected":false},"author":1,"featured_media":0,"comment_status":"open","ping_status":"closed","sticky":false,"template":"","format":"standard","meta":{"_seopress_robots_primary_cat":"","_seopress_titles_title":"","_seopress_titles_desc":"","_seopress_robots_index":"","_et_pb_use_builder":"","_et_pb_old_content":"","_et_gb_content_width":"","inline_featured_image":false,"footnotes":""},"categories":[14],"tags":[],"class_list":["post-130590","post","type-post","status-publish","format-standard","hentry","category-vijesti"],"_links":{"self":[{"href":"https:\/\/www.pcnen.com\/portal\/wp-json\/wp\/v2\/posts\/130590","targetHints":{"allow":["GET"]}}],"collection":[{"href":"https:\/\/www.pcnen.com\/portal\/wp-json\/wp\/v2\/posts"}],"about":[{"href":"https:\/\/www.pcnen.com\/portal\/wp-json\/wp\/v2\/types\/post"}],"author":[{"embeddable":true,"href":"https:\/\/www.pcnen.com\/portal\/wp-json\/wp\/v2\/users\/1"}],"replies":[{"embeddable":true,"href":"https:\/\/www.pcnen.com\/portal\/wp-json\/wp\/v2\/comments?post=130590"}],"version-history":[{"count":0,"href":"https:\/\/www.pcnen.com\/portal\/wp-json\/wp\/v2\/posts\/130590\/revisions"}],"wp:attachment":[{"href":"https:\/\/www.pcnen.com\/portal\/wp-json\/wp\/v2\/media?parent=130590"}],"wp:term":[{"taxonomy":"category","embeddable":true,"href":"https:\/\/www.pcnen.com\/portal\/wp-json\/wp\/v2\/categories?post=130590"},{"taxonomy":"post_tag","embeddable":true,"href":"https:\/\/www.pcnen.com\/portal\/wp-json\/wp\/v2\/tags?post=130590"}],"curies":[{"name":"wp","href":"https:\/\/api.w.org\/{rel}","templated":true}]}}