{"id":130141,"date":"2013-11-17T12:46:45","date_gmt":"2013-11-17T11:46:45","guid":{"rendered":"http:\/\/www.pcnen.com\/portal\/?p=130141"},"modified":"2013-11-17T12:46:45","modified_gmt":"2013-11-17T11:46:45","slug":"dan-ekoloskih-pokreta-na-vasovim-vodama","status":"publish","type":"post","link":"https:\/\/www.pcnen.com\/portal\/2013\/11\/17\/dan-ekoloskih-pokreta-na-vasovim-vodama\/","title":{"rendered":"Dan ekolo\u0161kih pokreta na Vasovim vodama"},"content":{"rendered":"<p><a href=\"http:\/\/www.pcnen.com\/portal\/wp-content\/uploads\/2013\/11\/dan-ekologije.png\"><img loading=\"lazy\" decoding=\"async\" class=\"alignleft size-medium wp-image-130142\" title=\"dan ekologije\" src=\"http:\/\/www.pcnen.com\/portal\/wp-content\/uploads\/2013\/11\/dan-ekologije-300x112.png\" alt=\"\" width=\"300\" height=\"112\" \/><\/a>Mjesna zajednica Beranselo i Ekolo\u0161ki pokret Ozon obilje\u017ei\u0107e danas me\u0111unarodni Dan ekolo\u0161kih pokreta, posjetom deponiji otpada Vasove vode, kako bi jo\u0161 jednom ukazali na neophodnost sanacije te lokacije, koja je kako smatraju, klasi\u010dan primjer ekocida.<\/p>\n<p>Kako je saop\u0161teno iz Ozona, u Beranselu \u0107e se okupiti predstavnici vi\u0161e gra\u0111anskih inicijativa koje su prethodnih godina \u0161titili i jo\u0161 \u0161tite javni interes i koriste prava garantovana Ustavom, zakonima i me\u0111unarodnim ugovorima, u vezi sa odlukama koje se odnose na \u017eivotnu sredinu.<\/p>\n<p>U Ozonu o\u010dekuju da \u0107e predstavnici gra\u0111anskih inicijativa za revizalizaciju maslinjaka na Valdanosu, za\u0161titu Dragi\u0161njice, za\u0161titu od negativnih dejstava kamenoloma Nalje\u017ei\u0107i, spasavanja Gorice od izgradnje tunela sa mje\u0161tanima mjesne zajednice Beranselo razmjijeniti iskustva u borbi za za\u0161titu javnog interesa i neselektivnu i efikasnu primjenu zakona, prenosi Mina.<\/p>\n<p>Izvr\u0161ni direktor Ozona Aleksandar Perovi\u0107 ocijenio da su te inicijative gra\u0111anskog karaktera, navode\u0107i da u toj nevladinoj organizaciji \u017eele da poru\u010de da su u Crnoj Gori ekolo\u0161koj dr\u017eavi, gra\u0111ani ti koji su se dominantno i kontinuirano zalagali za po\u0161tovanje tog ustavnog opredjeljenja, \u201c\u0161to bi upravo trebalo da radi i izvr\u0161na i zakonodavna vlast\u201d.<\/p>\n<p>On je rekao da zato, a u kontekstu najave Vlade da \u0107e biti oformljeno posebno tijelo koje \u0107e se baviti za\u0161titom dr\u017eavnih interesa i dr\u017eavne svojine, pozivaju i potpredsjednika Vlade Du\u0161ka Markovi\u0107a, koji je imenovan za rukovodioca tog tijela, da u danas u minut do dvanaest do\u0111e u Beranselo.<\/p>\n<p>&#8220;I u direktnom razgovoru sa predstavnicima pomenutih gra\u0111anskih ekolo\u0161kih inicijativa provjeri da li postoji prostor da se ove akcije dovedu u kontekst partijskih politi\u010dkih interesa i uvjeri se ko zapravo \u0161titi Ustav, va\u017ee\u0107e zakone i potvr\u0111ene me\u0111unarodne ugovore\u201d, kazao je Perovi\u0107.<\/p>\n<p>Iz Akcije za ljudska prava (HRA) najavili su da \u0107e prisustvovati obilje\u017eavanju Dana ekolo\u0161kog pokreta na Vasovim vodama, i podsjetili da danas mje\u0161tani Beransela obilje\u017eavaju trogodi\u0161njicu borbe protiv, kako navode, nezakonitog odlaganja opasnog otpada.<\/p>\n<p>\u201eAkcija za ljudska prava podr\u017eava ovaj \u010dastan primjer istrajne ljudske i aktivisti\u010dke borbe za pravo na zdravu \u017eivotnu sredinu u dr\u017eavi koja je sebe do sada u\u010dinila ekolo\u0161kom samo na papiru\u201c, poru\u010dili su iz HRA.<\/p>\n","protected":false},"excerpt":{"rendered":"<p>Mjesna zajednica Beranselo i Ekolo\u0161ki pokret Ozon obilje\u017ei\u0107e danas me\u0111unarodni Dan ekolo\u0161kih pokreta, posjetom deponiji otpada Vasove vode, kako bi jo\u0161 jednom ukazali na neophodnost sanacije te lokacije, koja je kako smatraju, klasi\u010dan primjer ekocida. Kako je saop\u0161teno iz Ozona, u Beranselu \u0107e se okupiti predstavnici vi\u0161e gra\u0111anskih inicijativa koje su prethodnih godina \u0161titili i [&hellip;]<\/p>\n","protected":false},"author":1,"featured_media":0,"comment_status":"open","ping_status":"closed","sticky":false,"template":"","format":"standard","meta":{"_seopress_robots_primary_cat":"","_seopress_titles_title":"","_seopress_titles_desc":"","_seopress_robots_index":"","_et_pb_use_builder":"","_et_pb_old_content":"","_et_gb_content_width":"","inline_featured_image":false,"footnotes":""},"categories":[14,12],"tags":[],"class_list":["post-130141","post","type-post","status-publish","format-standard","hentry","category-vijesti","category-prica-dana"],"_links":{"self":[{"href":"https:\/\/www.pcnen.com\/portal\/wp-json\/wp\/v2\/posts\/130141","targetHints":{"allow":["GET"]}}],"collection":[{"href":"https:\/\/www.pcnen.com\/portal\/wp-json\/wp\/v2\/posts"}],"about":[{"href":"https:\/\/www.pcnen.com\/portal\/wp-json\/wp\/v2\/types\/post"}],"author":[{"embeddable":true,"href":"https:\/\/www.pcnen.com\/portal\/wp-json\/wp\/v2\/users\/1"}],"replies":[{"embeddable":true,"href":"https:\/\/www.pcnen.com\/portal\/wp-json\/wp\/v2\/comments?post=130141"}],"version-history":[{"count":0,"href":"https:\/\/www.pcnen.com\/portal\/wp-json\/wp\/v2\/posts\/130141\/revisions"}],"wp:attachment":[{"href":"https:\/\/www.pcnen.com\/portal\/wp-json\/wp\/v2\/media?parent=130141"}],"wp:term":[{"taxonomy":"category","embeddable":true,"href":"https:\/\/www.pcnen.com\/portal\/wp-json\/wp\/v2\/categories?post=130141"},{"taxonomy":"post_tag","embeddable":true,"href":"https:\/\/www.pcnen.com\/portal\/wp-json\/wp\/v2\/tags?post=130141"}],"curies":[{"name":"wp","href":"https:\/\/api.w.org\/{rel}","templated":true}]}}