{"id":129997,"date":"2013-11-15T12:32:10","date_gmt":"2013-11-15T11:32:10","guid":{"rendered":"http:\/\/www.pcnen.com\/portal\/?p=129997"},"modified":"2013-11-15T12:38:35","modified_gmt":"2013-11-15T11:38:35","slug":"prestrojavanja-i-druge-igre","status":"publish","type":"post","link":"https:\/\/www.pcnen.com\/portal\/2013\/11\/15\/prestrojavanja-i-druge-igre\/","title":{"rendered":"Prestrojavanja i druge igre"},"content":{"rendered":"<p>Kod nas je na jednoj, politi\u010dkoj sceni uvijek burno, dok je na drugoj, ekonomskoj, uravnilovka &#8211; tu smo u slobodnom padu, dotakli smo dno, sad smo pod zemljom, duboko u podzemlju.<\/p>\n<p>Dr\u017eavobranitelji, oni koji je brane, brane i brane (dr\u017eavu): obi\u010dno iz Audija najnovije klase, kabineta, Upravnih odbora&#8230;, su najzad shvatili (ali kasno) da su \u201ebrane\u0107i dr\u017eavu\u201c, uni\u0161tili je upravo. I briga njih za dr\u017eavu &#8211; pri\u010de za naivan puk, brine njih dalja politi\u010dka sudbina, a mnoge bogami i veoma li\u010dna (sudbina mislim). Kratak je put od patriote do izdajnika, od bogatog i cijenjeog politi\u010dara i biznismena do zatvorenika.<\/p>\n<p>U takvoj situaciji slijede prestrojavanja. Prestrojavaju se najprije ovi ve\u0107i (i po visini i funkciji). Ovi manji a poslu\u0161ni su na muci, pitaju se: da li je vrijeme da se i oni po\u010dnu prestrojavati, i koju stranu izabrati?<\/p>\n<p>Ranko Krivokapi\u0107 je najve\u0107i patriota u novijoj istoriji Crne Gore, najve\u0107a opozicija ovoj vlasti iako dio nje. Ubi se \u010dovjek, kako on, tako njegovi iz SDP-a (\u010ditaj Upravnih odbora) da Crnu Goru izvedu na pravi put i odbrane je od raznih a\u017edaja i ala. Napravili bi je mnogo bolju ali nemaju sa kim. Na drugu stranu su sve sami izdajnici, pla\u0107enici, velikosrbi. Na\u0111e se i poneki muslimanski \u010detnik poput mene.\u00a0 Ili oni koji su protiv NATO-a, a sa takvim patriota Ranko i drugi iz Upravni odbora ne\u0107e. Me\u0111utim, vidi Ranko \u201eda sve \u0161to je lijepo ima kraj\u201c, kako ka\u017ee pjesma, pa namiguje na sve strane, iako nije prostitutka &#8211; daleko bilo. Opet, voli Mila, ne mo\u017ee bez njega, jer je Milo patriota i dr\u017eava mu je isped partije i li\u010dnih interesa (\u0161to smo vi\u0111eli svih ovih godina), ali oni oko Mila nijesu ba\u0161 najbolji i dr\u017eava im uvijek nije na prvom mjestu kao njemu.<\/p>\n<p>Uh, nije lako Ranku. A tek Rankovim sljedbicima. Najte\u017ee je ipak Rankovim novinarima koji su kroz Ranka postali vi\u0161e Milovi (pro\u010ditati kraj dana\u0161njeg analiti\u010dno prenesenog\u00a0 teksta iz sino\u0107ne emisije). Pitaju se\u00a0 \u0111e \u0107e i \u0161to \u0107e poslije sino\u0107neg \u201eNa\u010disto\u201c. Mada, na\u010disto sa politi\u010darima ne mo\u017ee\u0161 biti, nikad, trebali su znati.<\/p>\n<p>Muka je izgleda stisla i \u201emedijsku mafiju\u201c \u010dim su u poslednje vrijeme, onako okolo, ali pa\u017eljivom promatra\u010du ipak o\u010dito, po\u010deli da se prestrojavaju u Rankovu korist. Nije valjda da to rade opet zbog dr\u017eave? Nekada su zbog nje podr\u017eali \u0111avola, ne\u0107e valjda ponoviti gre\u0161ku sa \u0111avol\u010di\u0107em?<\/p>\n<p>U ovim na\u0161im \u201e\u010dasnim, \u010dojskim i sojskim\u201c prestorjavanjima kojih je vazda bilo, od AB revolucije do sva\u0111e jadana i grdana, bilo je svega, svakakvih, pa i komi\u010dnih situacija. Ipak, bila bi neopisiva burleska da opet postanu saborci\u00a0 \u017deljko Ivanovi\u0107, Esad Ko\u0107an i Mi\u0161ko Perovi\u0107 sa jedne strane, te Darko \u0160ukovi\u0107 i Dra\u0161ko \u0110uranovi\u0107 sa druge. Ne bih se previ\u0161e iznenadio da se i to desi, i poslije svega.<\/p>\n<p>Ada, kada je dr\u017eava u pitanju ne biraju se saveznici \ud83d\ude42<\/p>\n","protected":false},"excerpt":{"rendered":"<p>Kod nas je na jednoj, politi\u010dkoj sceni uvijek burno, dok je na drugoj, ekonomskoj, uravnilovka &#8211; tu smo u slobodnom padu, dotakli smo dno, sad smo pod zemljom, duboko u podzemlju. Dr\u017eavobranitelji, oni koji je brane, brane i brane (dr\u017eavu): obi\u010dno iz Audija najnovije klase, kabineta, Upravnih odbora&#8230;, su najzad shvatili (ali kasno) da su [&hellip;]<\/p>\n","protected":false},"author":12,"featured_media":0,"comment_status":"open","ping_status":"closed","sticky":false,"template":"","format":"standard","meta":{"_seopress_robots_primary_cat":"","_seopress_titles_title":"","_seopress_titles_desc":"","_seopress_robots_index":"","_et_pb_use_builder":"","_et_pb_old_content":"","_et_gb_content_width":"","inline_featured_image":false,"footnotes":""},"categories":[17],"tags":[],"class_list":["post-129997","post","type-post","status-publish","format-standard","hentry","category-blogovi"],"_links":{"self":[{"href":"https:\/\/www.pcnen.com\/portal\/wp-json\/wp\/v2\/posts\/129997","targetHints":{"allow":["GET"]}}],"collection":[{"href":"https:\/\/www.pcnen.com\/portal\/wp-json\/wp\/v2\/posts"}],"about":[{"href":"https:\/\/www.pcnen.com\/portal\/wp-json\/wp\/v2\/types\/post"}],"author":[{"embeddable":true,"href":"https:\/\/www.pcnen.com\/portal\/wp-json\/wp\/v2\/users\/12"}],"replies":[{"embeddable":true,"href":"https:\/\/www.pcnen.com\/portal\/wp-json\/wp\/v2\/comments?post=129997"}],"version-history":[{"count":0,"href":"https:\/\/www.pcnen.com\/portal\/wp-json\/wp\/v2\/posts\/129997\/revisions"}],"wp:attachment":[{"href":"https:\/\/www.pcnen.com\/portal\/wp-json\/wp\/v2\/media?parent=129997"}],"wp:term":[{"taxonomy":"category","embeddable":true,"href":"https:\/\/www.pcnen.com\/portal\/wp-json\/wp\/v2\/categories?post=129997"},{"taxonomy":"post_tag","embeddable":true,"href":"https:\/\/www.pcnen.com\/portal\/wp-json\/wp\/v2\/tags?post=129997"}],"curies":[{"name":"wp","href":"https:\/\/api.w.org\/{rel}","templated":true}]}}