{"id":129248,"date":"2013-11-07T14:05:32","date_gmt":"2013-11-07T13:05:32","guid":{"rendered":"http:\/\/www.pcnen.com\/portal\/?p=129248"},"modified":"2013-11-07T15:03:14","modified_gmt":"2013-11-07T14:03:14","slug":"beranselci-ispred-skupstine-pozvali-poslanike-da-im-pomognu","status":"publish","type":"post","link":"https:\/\/www.pcnen.com\/portal\/2013\/11\/07\/beranselci-ispred-skupstine-pozvali-poslanike-da-im-pomognu\/","title":{"rendered":"Beranselci ispred Skup\u0161tine (video)"},"content":{"rendered":"<p>Mje\u0161tani Beransela okupili su se danas u 11:55 minuta ispred Skup\u0161tine Crne Gore gdje su performansom poru\u010diti poslanicima da su oni posljednja institucionalna karika od koje o\u010dekuju pomo\u0107 u rje\u0161avanju problema odlaganja sme\u0107a na Vasovim vodama.<\/p>\n<p>Nezadovoljni gra\u0111ani te MZ ispred Skup\u0161tine su do\u0161li vezani lancima, a podr\u0161ku su im pru\u017eili predstavnici NVO &#8220;Ozon&#8221;.<\/p>\n<p>Okupljeni su nosili transparente &#8220;Beranselo \u0161titi Ustav Crne GOre&#8221;, &#8220;\u017divot u sme\u0107u, e ne\u0107u&#8221;, &#8220;Beranski nepotizem = fa\u0161izam&#8221;, &#8220;Dobrodo\u0161li u Berane, MZ Beranselo, ovdje je va\u0161e sme\u0107e&#8221;, &#8220;Budim se \u010desto po no\u0107i, a znam da nisam ni pijan, ni lud&#8221;.<\/p>\n<p>Oni su pozvali vlast i opoziciju da po\u0161tuju zakone koje su sami usvojili. Beranselci su kazali da jedino brane Ustav ispred Skup\u0161tine, u kojoj je Ustav i donesen.<\/p>\n<p>Oni su naglasili da samo tra\u017ee da \u017eive u zdravoj \u017eivotnoj sredini.<\/p>\n<p>&#8220;Sram vas i stid bilo zbog toga \u0161to \u0107utite, dok se vr\u0161i teror nad ljudima&#8221;, poru\u010dio je poslanicima Jovan Lon\u010dar.<\/p>\n<p>Direktor NVO &#8220;Ozon&#8221; Aleksandar Perovi\u0107 rekao je da su Vasove vode postale prekograni\u010dni problem.<\/p>\n<p>Beranselcima su sepridru\u017eili i poslanici Demokratskog fronta i Pozitivne Crne Gore.<\/p>\n","protected":false},"excerpt":{"rendered":"<p>&#8220;Sram vas i stid bilo zbog toga \u0161to \u0107utite, dok se vr\u0161i teror nad ljudima&#8221;, poru\u010dio je poslanicima Jovan Lon\u010dar.<\/p>\n","protected":false},"author":1,"featured_media":0,"comment_status":"open","ping_status":"closed","sticky":false,"template":"","format":"standard","meta":{"_seopress_robots_primary_cat":"","_seopress_titles_title":"","_seopress_titles_desc":"","_seopress_robots_index":"","_et_pb_use_builder":"","_et_pb_old_content":"","_et_gb_content_width":"","inline_featured_image":false,"footnotes":""},"categories":[14,12],"tags":[],"class_list":["post-129248","post","type-post","status-publish","format-standard","hentry","category-vijesti","category-prica-dana"],"_links":{"self":[{"href":"https:\/\/www.pcnen.com\/portal\/wp-json\/wp\/v2\/posts\/129248","targetHints":{"allow":["GET"]}}],"collection":[{"href":"https:\/\/www.pcnen.com\/portal\/wp-json\/wp\/v2\/posts"}],"about":[{"href":"https:\/\/www.pcnen.com\/portal\/wp-json\/wp\/v2\/types\/post"}],"author":[{"embeddable":true,"href":"https:\/\/www.pcnen.com\/portal\/wp-json\/wp\/v2\/users\/1"}],"replies":[{"embeddable":true,"href":"https:\/\/www.pcnen.com\/portal\/wp-json\/wp\/v2\/comments?post=129248"}],"version-history":[{"count":0,"href":"https:\/\/www.pcnen.com\/portal\/wp-json\/wp\/v2\/posts\/129248\/revisions"}],"wp:attachment":[{"href":"https:\/\/www.pcnen.com\/portal\/wp-json\/wp\/v2\/media?parent=129248"}],"wp:term":[{"taxonomy":"category","embeddable":true,"href":"https:\/\/www.pcnen.com\/portal\/wp-json\/wp\/v2\/categories?post=129248"},{"taxonomy":"post_tag","embeddable":true,"href":"https:\/\/www.pcnen.com\/portal\/wp-json\/wp\/v2\/tags?post=129248"}],"curies":[{"name":"wp","href":"https:\/\/api.w.org\/{rel}","templated":true}]}}