{"id":129126,"date":"2013-11-06T10:01:42","date_gmt":"2013-11-06T09:01:42","guid":{"rendered":"http:\/\/www.pcnen.com\/portal\/?p=129126"},"modified":"2013-11-06T10:01:42","modified_gmt":"2013-11-06T09:01:42","slug":"beranselci-sjutra-u-podgorici","status":"publish","type":"post","link":"https:\/\/www.pcnen.com\/portal\/2013\/11\/06\/beranselci-sjutra-u-podgorici\/","title":{"rendered":"Beranselci sjutra u Podgorici"},"content":{"rendered":"<p>Mje\u0161tani Beransela okupi\u0107e se 7. novembra u 11.55 \u010dasova ispred Skup\u0161tine Crne Gore gdje \u0107e performansom poru\u010diti poslanicima da od njih o\u010dekuju pomo\u0107 u rje\u0161avanju problema odlaganja sme\u0107a na Vasovim vodama.<\/p>\n<p>Aleksandar Perovi\u0107, direktor OZON-a, koji sa Mjesnom zajednicom Beranselo organizuje skup, rekao je Vijestima da su problem poku\u0161ali da rje\u0161e sa Vladom, lokalnom samoupravom, obra\u0107aju\u0107i se predsjedniku dr\u017eave Filipu Vujanovi\u0107u, protestima\u2026<\/p>\n<p>&#8220;Ostaju jedini jo\u0161 predstavnici naroda. Poru\u010di\u0107emo im sjutra da gra\u0111ani vi\u0161e brinu o sprovo\u0111enju zakona, nego oni koji ih donose&#8221;, rekao je Perovi\u0107.<\/p>\n","protected":false},"excerpt":{"rendered":"<p>Mje\u0161tani Beransela okupi\u0107e se 7. novembra u 11.55 \u010dasova ispred Skup\u0161tine Crne Gore gdje \u0107e performansom poru\u010diti poslanicima da od njih o\u010dekuju pomo\u0107 u rje\u0161avanju problema odlaganja sme\u0107a na Vasovim vodama. Aleksandar Perovi\u0107, direktor OZON-a, koji sa Mjesnom zajednicom Beranselo organizuje skup, rekao je Vijestima da su problem poku\u0161ali da rje\u0161e sa Vladom, lokalnom samoupravom, [&hellip;]<\/p>\n","protected":false},"author":1,"featured_media":0,"comment_status":"open","ping_status":"closed","sticky":false,"template":"","format":"standard","meta":{"_seopress_robots_primary_cat":"","_seopress_titles_title":"","_seopress_titles_desc":"","_seopress_robots_index":"","_et_pb_use_builder":"","_et_pb_old_content":"","_et_gb_content_width":"","inline_featured_image":false,"footnotes":""},"categories":[14],"tags":[],"class_list":["post-129126","post","type-post","status-publish","format-standard","hentry","category-vijesti"],"_links":{"self":[{"href":"https:\/\/www.pcnen.com\/portal\/wp-json\/wp\/v2\/posts\/129126","targetHints":{"allow":["GET"]}}],"collection":[{"href":"https:\/\/www.pcnen.com\/portal\/wp-json\/wp\/v2\/posts"}],"about":[{"href":"https:\/\/www.pcnen.com\/portal\/wp-json\/wp\/v2\/types\/post"}],"author":[{"embeddable":true,"href":"https:\/\/www.pcnen.com\/portal\/wp-json\/wp\/v2\/users\/1"}],"replies":[{"embeddable":true,"href":"https:\/\/www.pcnen.com\/portal\/wp-json\/wp\/v2\/comments?post=129126"}],"version-history":[{"count":0,"href":"https:\/\/www.pcnen.com\/portal\/wp-json\/wp\/v2\/posts\/129126\/revisions"}],"wp:attachment":[{"href":"https:\/\/www.pcnen.com\/portal\/wp-json\/wp\/v2\/media?parent=129126"}],"wp:term":[{"taxonomy":"category","embeddable":true,"href":"https:\/\/www.pcnen.com\/portal\/wp-json\/wp\/v2\/categories?post=129126"},{"taxonomy":"post_tag","embeddable":true,"href":"https:\/\/www.pcnen.com\/portal\/wp-json\/wp\/v2\/tags?post=129126"}],"curies":[{"name":"wp","href":"https:\/\/api.w.org\/{rel}","templated":true}]}}