{"id":110274,"date":"2013-04-05T09:32:36","date_gmt":"2013-04-05T07:32:36","guid":{"rendered":"http:\/\/www.pcnen.com\/portal\/?p=110274"},"modified":"2013-04-05T14:52:39","modified_gmt":"2013-04-05T12:52:39","slug":"tisina-od-ponoci-izbori-u-nedjelju","status":"publish","type":"post","link":"https:\/\/www.pcnen.com\/portal\/2013\/04\/05\/tisina-od-ponoci-izbori-u-nedjelju\/","title":{"rendered":"Ti\u0161ina od pono\u0107i, izbori u nedjelju"},"content":{"rendered":"<p><a href=\"http:\/\/www.pcnen.com\/portal\/wp-content\/uploads\/2013\/04\/izborna-sutnja1.jpg\"><img loading=\"lazy\" decoding=\"async\" class=\"alignleft size-thumbnail wp-image-110324\" title=\"izborna sutnja1\" src=\"http:\/\/www.pcnen.com\/portal\/wp-content\/uploads\/2013\/04\/izborna-sutnja1-150x150.jpg\" alt=\"\" width=\"150\" height=\"150\" \/><\/a>U pono\u0107 po\u010dinje izborna ti\u0161ina uo\u010di predsjedni\u010dkih izbora koji \u0107e se u Crnoj Gori odr\u017eaii u nedjelju, 7, aprila.<\/p>\n<p>Na \u0161estim predsjedni\u010dkim izborima od uvo\u0111enja vi\u0161estrana\u010dja, a drugim od obnove crnogorske nezavisnosti, u\u010destvova\u0107e kandidat Demokratske partije socijalista Filip Vujanovi\u0107 i nezavisni kandidat Miodrag Leki\u0107.<\/p>\n<p>Vujanovi\u0107 i Leki\u0107 ve\u010deras \u0107e u 20 sati imati televizijski duel na Javnom servisu.<\/p>\n<p>Glasa\u010dko pravo na predsjedni\u010dkim izborima ima 511.405 gra\u0111ana. Najvi\u0161e bira\u010da je u Podgorici, 146.787,a najmanje u \u0160avniku, 1.786.<\/p>\n<p>Sekretar Dr\u017eavne izborne komisije Milisav \u0106ori\u0107 rekao je agenciji Mina da \u0107e u nedjelju biti otvoreno 1.169 bira\u010dkih mjesta u 21 op\u0161tini.<\/p>\n<p>Bira\u010dka mjesta bi\u0107e otvorena od sedam do 20 sati.<\/p>\n<p>Predsjedni\u010dke izbore u Crnoj Gori prati\u0107e predstavnici me\u0111unarodnih organizacija &#8211; Komiteta za otvorenu demokratiju, OSCE\/ODIHR i Parlamentarne skup\u0161tine Savjeta Evrope.<\/p>\n<p>Saop\u0161teno je da \u0107e izbori ko\u0161tati 1,2 miliona eura.<\/p>\n","protected":false},"excerpt":{"rendered":"<p>U pono\u0107 po\u010dinje izborna ti\u0161ina uo\u010di predsjedni\u010dkih izbora koji \u0107e se u Crnoj Gori odr\u017eaii u nedjelju, 7, aprila. Na \u0161estim predsjedni\u010dkim izborima od uvo\u0111enja vi\u0161estrana\u010dja, a drugim od obnove crnogorske nezavisnosti, u\u010destvova\u0107e kandidat Demokratske partije socijalista Filip Vujanovi\u0107 i nezavisni kandidat Miodrag Leki\u0107. Vujanovi\u0107 i Leki\u0107 ve\u010deras \u0107e u 20 sati imati televizijski duel [&hellip;]<\/p>\n","protected":false},"author":1,"featured_media":0,"comment_status":"open","ping_status":"closed","sticky":false,"template":"","format":"standard","meta":{"_seopress_robots_primary_cat":"","_seopress_titles_title":"","_seopress_titles_desc":"","_seopress_robots_index":"","_et_pb_use_builder":"","_et_pb_old_content":"","_et_gb_content_width":"","inline_featured_image":false,"footnotes":""},"categories":[14,12],"tags":[],"class_list":["post-110274","post","type-post","status-publish","format-standard","hentry","category-vijesti","category-prica-dana"],"_links":{"self":[{"href":"https:\/\/www.pcnen.com\/portal\/wp-json\/wp\/v2\/posts\/110274","targetHints":{"allow":["GET"]}}],"collection":[{"href":"https:\/\/www.pcnen.com\/portal\/wp-json\/wp\/v2\/posts"}],"about":[{"href":"https:\/\/www.pcnen.com\/portal\/wp-json\/wp\/v2\/types\/post"}],"author":[{"embeddable":true,"href":"https:\/\/www.pcnen.com\/portal\/wp-json\/wp\/v2\/users\/1"}],"replies":[{"embeddable":true,"href":"https:\/\/www.pcnen.com\/portal\/wp-json\/wp\/v2\/comments?post=110274"}],"version-history":[{"count":0,"href":"https:\/\/www.pcnen.com\/portal\/wp-json\/wp\/v2\/posts\/110274\/revisions"}],"wp:attachment":[{"href":"https:\/\/www.pcnen.com\/portal\/wp-json\/wp\/v2\/media?parent=110274"}],"wp:term":[{"taxonomy":"category","embeddable":true,"href":"https:\/\/www.pcnen.com\/portal\/wp-json\/wp\/v2\/categories?post=110274"},{"taxonomy":"post_tag","embeddable":true,"href":"https:\/\/www.pcnen.com\/portal\/wp-json\/wp\/v2\/tags?post=110274"}],"curies":[{"name":"wp","href":"https:\/\/api.w.org\/{rel}","templated":true}]}}