{"id":110214,"date":"2013-04-04T10:52:10","date_gmt":"2013-04-04T08:52:10","guid":{"rendered":"http:\/\/www.pcnen.com\/portal\/?p=110214"},"modified":"2013-04-04T10:52:10","modified_gmt":"2013-04-04T08:52:10","slug":"hrvatska-u-eu-unosi-i-minska-polja","status":"publish","type":"post","link":"https:\/\/www.pcnen.com\/portal\/2013\/04\/04\/hrvatska-u-eu-unosi-i-minska-polja\/","title":{"rendered":"Hrvatska u EU unosi i minska polja"},"content":{"rendered":"<p>Hrvatska \u0107e, ulaskom u EU, unijeti i 683 kvadratnih kilometara minski sumnjivog podru\u010dja.<\/p>\n<p>Prema zvani\u010dnim podacima, \u010dak 12 od 21 hrvatske \u017eupanije zaga\u0111eno je minama. To je posljedica posljednjeg rata koji je iza sebe ostavio \u010dak 90.000 mina, rasutih prete\u017eno bez ucrtanih planova, na podru\u010djima intenzivnih borbi tokom devedesetih godina.<\/p>\n<p>Od 1998. godine do danas od tih mina je stradalo vi\u0161e od 500 ljudi.<\/p>\n<p>Prema konvenciji iz Otave, problem zaostalih mina trebalo bi da bude rije\u0161en do 2019. godine, <a href=\"http:\/\/www.dw.de\/i-minska-polja-ulaze-u-evropsku-uniju\/a-16718588\" target=\"_blank\">pi\u0161e DWW.<\/a><\/p>\n<p>&nbsp;<\/p>\n","protected":false},"excerpt":{"rendered":"<p>Prema zvani\u010dnim podacima, \u010dak 12 od 21 hrvatske \u017eupanije zaga\u0111eno je minama. To je posljedica posljednjeg rata koji je iza sebe ostavio \u010dak 90.000 mina, rasutih prete\u017eno bez ucrtanih planova, na podru\u010djima intenzivnih borbi tokom devedesetih godina.<\/p>\n","protected":false},"author":1,"featured_media":0,"comment_status":"open","ping_status":"closed","sticky":false,"template":"","format":"standard","meta":{"_seopress_robots_primary_cat":"","_seopress_titles_title":"","_seopress_titles_desc":"","_seopress_robots_index":"","_et_pb_use_builder":"","_et_pb_old_content":"","_et_gb_content_width":"","inline_featured_image":false,"footnotes":""},"categories":[14],"tags":[],"class_list":["post-110214","post","type-post","status-publish","format-standard","hentry","category-vijesti"],"_links":{"self":[{"href":"https:\/\/www.pcnen.com\/portal\/wp-json\/wp\/v2\/posts\/110214","targetHints":{"allow":["GET"]}}],"collection":[{"href":"https:\/\/www.pcnen.com\/portal\/wp-json\/wp\/v2\/posts"}],"about":[{"href":"https:\/\/www.pcnen.com\/portal\/wp-json\/wp\/v2\/types\/post"}],"author":[{"embeddable":true,"href":"https:\/\/www.pcnen.com\/portal\/wp-json\/wp\/v2\/users\/1"}],"replies":[{"embeddable":true,"href":"https:\/\/www.pcnen.com\/portal\/wp-json\/wp\/v2\/comments?post=110214"}],"version-history":[{"count":0,"href":"https:\/\/www.pcnen.com\/portal\/wp-json\/wp\/v2\/posts\/110214\/revisions"}],"wp:attachment":[{"href":"https:\/\/www.pcnen.com\/portal\/wp-json\/wp\/v2\/media?parent=110214"}],"wp:term":[{"taxonomy":"category","embeddable":true,"href":"https:\/\/www.pcnen.com\/portal\/wp-json\/wp\/v2\/categories?post=110214"},{"taxonomy":"post_tag","embeddable":true,"href":"https:\/\/www.pcnen.com\/portal\/wp-json\/wp\/v2\/tags?post=110214"}],"curies":[{"name":"wp","href":"https:\/\/api.w.org\/{rel}","templated":true}]}}