{"id":110181,"date":"2013-04-03T22:41:57","date_gmt":"2013-04-03T20:41:57","guid":{"rendered":"http:\/\/www.pcnen.com\/portal\/?p=110181"},"modified":"2013-04-03T22:41:57","modified_gmt":"2013-04-03T20:41:57","slug":"armiji-sjeverne-koreje-odobren-napad-na-sad","status":"publish","type":"post","link":"https:\/\/www.pcnen.com\/portal\/2013\/04\/03\/armiji-sjeverne-koreje-odobren-napad-na-sad\/","title":{"rendered":"Armiji Sjeverne Koreje odobren napad na SAD"},"content":{"rendered":"<p><a href=\"http:\/\/www.pcnen.com\/portal\/wp-content\/uploads\/2013\/04\/Armija-SK.jpg\"><img loading=\"lazy\" decoding=\"async\" class=\"alignleft size-thumbnail wp-image-110182\" title=\"Armija SK\" src=\"http:\/\/www.pcnen.com\/portal\/wp-content\/uploads\/2013\/04\/Armija-SK-150x150.jpg\" alt=\"\" width=\"150\" height=\"150\" \/><\/a>Sjevernokorejska vojska je objavila da je dobila finalno odobrenje za pokretanje &#8220;nemilosrdnih&#8221; napada na SAD, a koji uklju\u010duju mogu\u0107u upotrebu &#8220;najsavremenijeg&#8221; nuklearnog oru\u017eja, prenosi AFP, pozivaju\u0107i se na sjevernokorejske vojne izvore.<\/p>\n<p>Kako prenosi Al d\u017eazira Balkan, glavna komanda Korejske narodne armije je saop\u0161tila da \u0107e slu\u017ebeno obavijestiti Va\u0161ington da \u0107e ameri\u010dke prijetnje &#8220;uni\u0161titi najmodernijim, manjim, lak\u0161im i raznolikim na\u010dinima nuklearnog napada&#8221;.<\/p>\n<p>&#8220;Nemilosrdna operacija na\u0161ih revolucionarnih vojnih snaga je kona\u010dno preispitana i odobrena\u201c, navodi se u saop\u0161tenju.<\/p>\n<p>Ministar odbrane SAD \u010cak Hejgel je izjavio danas da prijetnje Sjeverne Koreje predstavljaju ozbiljnu opasnost za SAD, Japan i Ju\u017enu Koreju.<\/p>\n<p>Sjeverna Koreja posjeduje nuklearne i raketne kapacitete i ona poja\u010dava opasnu ratobornu retoriku, \u0161to predstavlja ozbiljnu i realnu opasnost i prijetnju za interese ameri\u010dkih saveznika u regionu, rekao je Hejgel u svom govoru na ameri\u010dkom Univerzitetu za odbranu, prenosi RSE.<\/p>\n<p>&nbsp;<\/p>\n<p>&nbsp;<\/p>\n<p>&nbsp;<\/p>\n","protected":false},"excerpt":{"rendered":"<p>Sjevernokorejska vojska je objavila da je dobila finalno odobrenje za pokretanje &#8220;nemilosrdnih&#8221; napada na SAD, a koji uklju\u010duju mogu\u0107u upotrebu &#8220;najsavremenijeg&#8221; nuklearnog oru\u017eja, prenosi AFP, pozivaju\u0107i se na sjevernokorejske vojne izvore. Kako prenosi Al d\u017eazira Balkan, glavna komanda Korejske narodne armije je saop\u0161tila da \u0107e slu\u017ebeno obavijestiti Va\u0161ington da \u0107e ameri\u010dke prijetnje &#8220;uni\u0161titi najmodernijim, manjim, [&hellip;]<\/p>\n","protected":false},"author":1,"featured_media":0,"comment_status":"open","ping_status":"closed","sticky":false,"template":"","format":"standard","meta":{"_seopress_robots_primary_cat":"","_seopress_titles_title":"","_seopress_titles_desc":"","_seopress_robots_index":"","_et_pb_use_builder":"","_et_pb_old_content":"","_et_gb_content_width":"","inline_featured_image":false,"footnotes":""},"categories":[14,12],"tags":[],"class_list":["post-110181","post","type-post","status-publish","format-standard","hentry","category-vijesti","category-prica-dana"],"_links":{"self":[{"href":"https:\/\/www.pcnen.com\/portal\/wp-json\/wp\/v2\/posts\/110181","targetHints":{"allow":["GET"]}}],"collection":[{"href":"https:\/\/www.pcnen.com\/portal\/wp-json\/wp\/v2\/posts"}],"about":[{"href":"https:\/\/www.pcnen.com\/portal\/wp-json\/wp\/v2\/types\/post"}],"author":[{"embeddable":true,"href":"https:\/\/www.pcnen.com\/portal\/wp-json\/wp\/v2\/users\/1"}],"replies":[{"embeddable":true,"href":"https:\/\/www.pcnen.com\/portal\/wp-json\/wp\/v2\/comments?post=110181"}],"version-history":[{"count":0,"href":"https:\/\/www.pcnen.com\/portal\/wp-json\/wp\/v2\/posts\/110181\/revisions"}],"wp:attachment":[{"href":"https:\/\/www.pcnen.com\/portal\/wp-json\/wp\/v2\/media?parent=110181"}],"wp:term":[{"taxonomy":"category","embeddable":true,"href":"https:\/\/www.pcnen.com\/portal\/wp-json\/wp\/v2\/categories?post=110181"},{"taxonomy":"post_tag","embeddable":true,"href":"https:\/\/www.pcnen.com\/portal\/wp-json\/wp\/v2\/tags?post=110181"}],"curies":[{"name":"wp","href":"https:\/\/api.w.org\/{rel}","templated":true}]}}