{"id":110170,"date":"2013-04-03T21:44:30","date_gmt":"2013-04-03T19:44:30","guid":{"rendered":"http:\/\/www.pcnen.com\/portal\/?p=110170"},"modified":"2013-04-03T21:45:46","modified_gmt":"2013-04-03T19:45:46","slug":"bih-protjeruje-iranske-diplomate","status":"publish","type":"post","link":"https:\/\/www.pcnen.com\/portal\/2013\/04\/03\/bih-protjeruje-iranske-diplomate\/","title":{"rendered":"BiH protjeruje iranske diplomate"},"content":{"rendered":"<p>Ministar bezbjednosti BiH Fahrudin Radon\u010di\u0107 je najavio da \u0107e resorno ministarstvo tra\u017eiti da se &#8220;personom non grata&#8221; proglase dvojica iranskih diplomata u toj zemlji.<\/p>\n<p>Radon\u010di\u0107 je rekao da \u0107e taj zahtjev biti podnijet, jer dvojica Iranaca koji su na slu\u017ebi u ambasadi Irana u BiH nisu po\u0161tovala diplomatska pravila, prenose banjalu\u010dke \u201cNezavisne novine\u201d.<\/p>\n<p>&#8220;To \u0107emo uraditi zbog toga \u0161to oni ne po\u0161tuju diplomatske norme i zbog najboljeg interesa Bosne i Hercegovine. Ostale razloge, ne mogu javno, niti ima potrebe da elaboriram\u201d, izjavio je Radon\u010di\u0107 za TV1.<\/p>\n<p>&nbsp;<\/p>\n","protected":false},"excerpt":{"rendered":"<p>Ministar bezbjednosti BiH Fahrudin Radon\u010di\u0107 je najavio da \u0107e resorno ministarstvo tra\u017eiti da se &#8220;personom non grata&#8221; proglase dvojica iranskih diplomata u toj zemlji.<\/p>\n","protected":false},"author":1,"featured_media":0,"comment_status":"open","ping_status":"closed","sticky":false,"template":"","format":"standard","meta":{"_seopress_robots_primary_cat":"","_seopress_titles_title":"","_seopress_titles_desc":"","_seopress_robots_index":"","_et_pb_use_builder":"","_et_pb_old_content":"","_et_gb_content_width":"","inline_featured_image":false,"footnotes":""},"categories":[14],"tags":[],"class_list":["post-110170","post","type-post","status-publish","format-standard","hentry","category-vijesti"],"_links":{"self":[{"href":"https:\/\/www.pcnen.com\/portal\/wp-json\/wp\/v2\/posts\/110170","targetHints":{"allow":["GET"]}}],"collection":[{"href":"https:\/\/www.pcnen.com\/portal\/wp-json\/wp\/v2\/posts"}],"about":[{"href":"https:\/\/www.pcnen.com\/portal\/wp-json\/wp\/v2\/types\/post"}],"author":[{"embeddable":true,"href":"https:\/\/www.pcnen.com\/portal\/wp-json\/wp\/v2\/users\/1"}],"replies":[{"embeddable":true,"href":"https:\/\/www.pcnen.com\/portal\/wp-json\/wp\/v2\/comments?post=110170"}],"version-history":[{"count":0,"href":"https:\/\/www.pcnen.com\/portal\/wp-json\/wp\/v2\/posts\/110170\/revisions"}],"wp:attachment":[{"href":"https:\/\/www.pcnen.com\/portal\/wp-json\/wp\/v2\/media?parent=110170"}],"wp:term":[{"taxonomy":"category","embeddable":true,"href":"https:\/\/www.pcnen.com\/portal\/wp-json\/wp\/v2\/categories?post=110170"},{"taxonomy":"post_tag","embeddable":true,"href":"https:\/\/www.pcnen.com\/portal\/wp-json\/wp\/v2\/tags?post=110170"}],"curies":[{"name":"wp","href":"https:\/\/api.w.org\/{rel}","templated":true}]}}