{"id":110132,"date":"2013-04-03T10:00:17","date_gmt":"2013-04-03T08:00:17","guid":{"rendered":"http:\/\/www.pcnen.com\/portal\/?p=110132"},"modified":"2013-04-03T10:00:47","modified_gmt":"2013-04-03T08:00:47","slug":"izlozba-nedovrsena-modernizacija-na-cetinju","status":"publish","type":"post","link":"https:\/\/www.pcnen.com\/portal\/2013\/04\/03\/izlozba-nedovrsena-modernizacija-na-cetinju\/","title":{"rendered":"Izlo\u017eba \u2018Nedovr\u0161ena modernizacija\u2019 na Cetinju"},"content":{"rendered":"<p>Izlo\u017eba \u201cNedovr\u0161ene modernizacije: Izme\u0111u utopije i pragmatizma\u201dbi\u0107e otvorena na Cetinju u Crnogorskoj galeriji savremene umjetnosti \u201dMiodrag-Dado \u0110uri\u0107\u201c od 12. aprila do 3.maja.<\/p>\n<p>Projekat \u201cNedovr\u0161ene modernizacije\u201d je nizom istra\u017eivanja, konferencija i izlo\u017ebi obuhvatio prostore koje je stvorio \u2018socijalisti\u010dki napredak\u2019 u Jugoslaviji, te poku\u0161ao utvrditi \u0161ta se s tim prostorima dogodilo nakon sloma zajedni\u010dke dr\u017eave i nestanka socijalizma, <a href=\"http:\/\/www.cetinjskilist.com\/info\/kultura\/98-nedovr%C5%A1ene-modernizacije-u-crnogorskoj-galeriji-savremene-umjetnosti-%E2%80%9Emiodrag-dado-%C4%91uri%C4%87%E2%80%9C.html\" target=\"_blank\">prenosi CTportal.<\/a><\/p>\n<p>&nbsp;<\/p>\n","protected":false},"excerpt":{"rendered":"<p>Izlo\u017eba \u201cNedovr\u0161ene modernizacije: Izme\u0111u utopije i pragmatizma\u201dbi\u0107e otvorena na Cetinju u Crnogorskoj galeriji savremene umjetnosti \u201dMiodrag-Dado \u0110uri\u0107\u201c od 12. aprila do 3.maja.<\/p>\n","protected":false},"author":1,"featured_media":0,"comment_status":"open","ping_status":"closed","sticky":false,"template":"","format":"standard","meta":{"_seopress_robots_primary_cat":"","_seopress_titles_title":"","_seopress_titles_desc":"","_seopress_robots_index":"","_et_pb_use_builder":"","_et_pb_old_content":"","_et_gb_content_width":"","inline_featured_image":false,"footnotes":""},"categories":[14],"tags":[],"class_list":["post-110132","post","type-post","status-publish","format-standard","hentry","category-vijesti"],"_links":{"self":[{"href":"https:\/\/www.pcnen.com\/portal\/wp-json\/wp\/v2\/posts\/110132","targetHints":{"allow":["GET"]}}],"collection":[{"href":"https:\/\/www.pcnen.com\/portal\/wp-json\/wp\/v2\/posts"}],"about":[{"href":"https:\/\/www.pcnen.com\/portal\/wp-json\/wp\/v2\/types\/post"}],"author":[{"embeddable":true,"href":"https:\/\/www.pcnen.com\/portal\/wp-json\/wp\/v2\/users\/1"}],"replies":[{"embeddable":true,"href":"https:\/\/www.pcnen.com\/portal\/wp-json\/wp\/v2\/comments?post=110132"}],"version-history":[{"count":0,"href":"https:\/\/www.pcnen.com\/portal\/wp-json\/wp\/v2\/posts\/110132\/revisions"}],"wp:attachment":[{"href":"https:\/\/www.pcnen.com\/portal\/wp-json\/wp\/v2\/media?parent=110132"}],"wp:term":[{"taxonomy":"category","embeddable":true,"href":"https:\/\/www.pcnen.com\/portal\/wp-json\/wp\/v2\/categories?post=110132"},{"taxonomy":"post_tag","embeddable":true,"href":"https:\/\/www.pcnen.com\/portal\/wp-json\/wp\/v2\/tags?post=110132"}],"curies":[{"name":"wp","href":"https:\/\/api.w.org\/{rel}","templated":true}]}}