{"id":101904,"date":"2012-12-21T13:11:22","date_gmt":"2012-12-21T12:11:22","guid":{"rendered":"http:\/\/www.pcnen.com\/portal\/?p=101904"},"modified":"2012-12-21T13:11:22","modified_gmt":"2012-12-21T12:11:22","slug":"docek-nove-ere-po-majanskom-kalendaru","status":"publish","type":"post","link":"https:\/\/www.pcnen.com\/portal\/2012\/12\/21\/docek-nove-ere-po-majanskom-kalendaru\/","title":{"rendered":"Do\u010dek nove ere po majanskom kalendaru"},"content":{"rendered":"<p><a href=\"http:\/\/www.pcnen.com\/portal\/wp-content\/uploads\/2012\/12\/Jukatan.jpg\"><img loading=\"lazy\" decoding=\"async\" class=\"alignleft size-medium wp-image-101905\" title=\"Mexico Mayan Calendar 2012\" src=\"http:\/\/www.pcnen.com\/portal\/wp-content\/uploads\/2012\/12\/Jukatan-300x195.jpg\" alt=\"\" width=\"300\" height=\"195\" \/><\/a>U tami pred zoru, vidovnjaci iz svih djelova svijeta su pripremili bijelu odje\u0107u, bubnjeve i tamjan, pred jutro\u0161nji izlazak Sunca, koji \u0107e, kako vjeruju, ozna\u010diti po\u010detak novog i boljeg doba i kraj velikog, 5.125 godina dugog ciklusa po kalendaru Maja, prenosi agencija Beta.<\/p>\n<p>Niko nije siguran u kojem trenutku se danas zavr\u0161ava 13. baktun Maja. Neki vjeruju da je okon\u010dan pro\u0161le no\u0107i, u pono\u0107, dok drugi \u010dekaju zoru u postojbini Maja u Meksiku. Neki na umu imaju kasniju satnicu.<\/p>\n<p>&#8220;Sa\u010dekajte do zore 22. (decembra); tada \u0107e Maje progovoriti&#8221;, poru\u010dila je iz Gvatemale dobitnica Nobelove nagrade za mir Rigoberta Men\u010du.<\/p>\n<p>Meksi\u010dki Nacionalni institut za antropologiju i istoriju je nagovijestio da istorijski prora\u010duni sinhronizovanja majanskog i zapadnog kalendara odstupaju nekoliko dana i da bi se majanski ciklus mogao zavr\u0161iti tek u nedjelju.<\/p>\n<p>Bez obzira na detalje, prilika za dobrodo\u0161licu novom dobu u centru je pa\u017enje na poluostrvu Jukatan, koje je postojbina Maja. Mnogi koji su tim povodom do\u0161li na Jukatan to doba ve\u0107 nazivaju &#8220;novim Suncem&#8221; i &#8220;novom erom&#8221;.<\/p>\n<p>&#8220;Galakti\u010dki most je uspostavljen&#8221;, objavio je duhovni vo\u0111a Alberto Aribalzaga na ceremoniji &#8220;galakti\u010dke konekcije&#8221; u \u010detvrtak u Meridi. &#8220;Kosmos \u0107e nas odvesti do vi\u0161eg nivoa vibracije&#8230; gdje \u010dovje\u010danstvo slavi u radosti&#8221;, dodao je.<\/p>\n<p>Kraj majanskog ciklusa niko ne naziva smakom svijeta, kako neki posljednjih godina tuma\u010de njegovo zna\u010denje, uprkos tvrdnjama arheologa i samih Maja da to nije zna\u010denje kraja 13. baktuna.<\/p>\n<p>&nbsp;<\/p>\n","protected":false},"excerpt":{"rendered":"<p>U tami pred zoru, vidovnjaci iz svih djelova svijeta su pripremili bijelu odje\u0107u, bubnjeve i tamjan, pred jutro\u0161nji izlazak Sunca, koji \u0107e, kako vjeruju, ozna\u010diti po\u010detak novog i boljeg doba.<\/p>\n","protected":false},"author":1,"featured_media":0,"comment_status":"open","ping_status":"closed","sticky":false,"template":"","format":"standard","meta":{"_seopress_robots_primary_cat":"","_seopress_titles_title":"","_seopress_titles_desc":"","_seopress_robots_index":"","_et_pb_use_builder":"","_et_pb_old_content":"","_et_gb_content_width":"","inline_featured_image":false,"footnotes":""},"categories":[9],"tags":[],"class_list":["post-101904","post","type-post","status-publish","format-standard","hentry","category-zanimljivosti"],"_links":{"self":[{"href":"https:\/\/www.pcnen.com\/portal\/wp-json\/wp\/v2\/posts\/101904","targetHints":{"allow":["GET"]}}],"collection":[{"href":"https:\/\/www.pcnen.com\/portal\/wp-json\/wp\/v2\/posts"}],"about":[{"href":"https:\/\/www.pcnen.com\/portal\/wp-json\/wp\/v2\/types\/post"}],"author":[{"embeddable":true,"href":"https:\/\/www.pcnen.com\/portal\/wp-json\/wp\/v2\/users\/1"}],"replies":[{"embeddable":true,"href":"https:\/\/www.pcnen.com\/portal\/wp-json\/wp\/v2\/comments?post=101904"}],"version-history":[{"count":0,"href":"https:\/\/www.pcnen.com\/portal\/wp-json\/wp\/v2\/posts\/101904\/revisions"}],"wp:attachment":[{"href":"https:\/\/www.pcnen.com\/portal\/wp-json\/wp\/v2\/media?parent=101904"}],"wp:term":[{"taxonomy":"category","embeddable":true,"href":"https:\/\/www.pcnen.com\/portal\/wp-json\/wp\/v2\/categories?post=101904"},{"taxonomy":"post_tag","embeddable":true,"href":"https:\/\/www.pcnen.com\/portal\/wp-json\/wp\/v2\/tags?post=101904"}],"curies":[{"name":"wp","href":"https:\/\/api.w.org\/{rel}","templated":true}]}}