{"id":101613,"date":"2012-12-18T09:25:16","date_gmt":"2012-12-18T08:25:16","guid":{"rendered":"http:\/\/www.pcnen.com\/portal\/?p=101613"},"modified":"2012-12-18T09:25:16","modified_gmt":"2012-12-18T08:25:16","slug":"protest-protiv-smaka-svijeta","status":"publish","type":"post","link":"https:\/\/www.pcnen.com\/portal\/2012\/12\/18\/protest-protiv-smaka-svijeta\/","title":{"rendered":"Protest protiv \u2018smaka svijeta\u2019"},"content":{"rendered":"<p><a href=\"http:\/\/www.pcnen.com\/portal\/wp-content\/uploads\/2012\/12\/apokalipsa.jpg\"><img loading=\"lazy\" decoding=\"async\" class=\"alignleft size-full wp-image-101614\" title=\"apokalipsa\" src=\"http:\/\/www.pcnen.com\/portal\/wp-content\/uploads\/2012\/12\/apokalipsa.jpg\" alt=\"\" width=\"300\" height=\"190\" \/><\/a>Na Facebooku je otvorena grupa na kojoj se za srijedu u 14 sati ispred BBI Centra u Sarajevu najavljuju mirni protesti protiv smaka svijeta koji je, po ko zna koji put, ove godine najavljen za 21. decembar, a navodno na osnovu kalendara Maja koji se zavr\u0161ava upravo tog dana.<\/p>\n<p>Grupi je, kako prenose b\/h onine mediji za kratko vrijeme pristupilo vi\u0161e od 200 ljudi i njihov broj raste, a organizatori protesta \u010dak tvrde da \u0107e skup biti najavljen policiji.<\/p>\n<p>&#8220;Ne \u017eelimo smak svijeta u BiH, a pogotovo ne u Sarajevu! \u0160ta \u0107e to nama? Ionako imamo previ\u0161e problema, nema logike&#8221;, stoji u najavi mirnih protesta.<\/p>\n<p>&nbsp;<\/p>\n","protected":false},"excerpt":{"rendered":"<p>&#8220;Ne \u017eelimo smak svijeta u BiH, a pogotovo ne u Sarajevu! \u0160ta \u0107e to nama? Ionako imamo previ\u0161e problema, nema logike&#8221;, stoji u najavi mirnih protesta.<\/p>\n","protected":false},"author":1,"featured_media":0,"comment_status":"open","ping_status":"closed","sticky":false,"template":"","format":"standard","meta":{"_seopress_robots_primary_cat":"","_seopress_titles_title":"","_seopress_titles_desc":"","_seopress_robots_index":"","_et_pb_use_builder":"","_et_pb_old_content":"","_et_gb_content_width":"","inline_featured_image":false,"footnotes":""},"categories":[9],"tags":[],"class_list":["post-101613","post","type-post","status-publish","format-standard","hentry","category-zanimljivosti"],"_links":{"self":[{"href":"https:\/\/www.pcnen.com\/portal\/wp-json\/wp\/v2\/posts\/101613","targetHints":{"allow":["GET"]}}],"collection":[{"href":"https:\/\/www.pcnen.com\/portal\/wp-json\/wp\/v2\/posts"}],"about":[{"href":"https:\/\/www.pcnen.com\/portal\/wp-json\/wp\/v2\/types\/post"}],"author":[{"embeddable":true,"href":"https:\/\/www.pcnen.com\/portal\/wp-json\/wp\/v2\/users\/1"}],"replies":[{"embeddable":true,"href":"https:\/\/www.pcnen.com\/portal\/wp-json\/wp\/v2\/comments?post=101613"}],"version-history":[{"count":0,"href":"https:\/\/www.pcnen.com\/portal\/wp-json\/wp\/v2\/posts\/101613\/revisions"}],"wp:attachment":[{"href":"https:\/\/www.pcnen.com\/portal\/wp-json\/wp\/v2\/media?parent=101613"}],"wp:term":[{"taxonomy":"category","embeddable":true,"href":"https:\/\/www.pcnen.com\/portal\/wp-json\/wp\/v2\/categories?post=101613"},{"taxonomy":"post_tag","embeddable":true,"href":"https:\/\/www.pcnen.com\/portal\/wp-json\/wp\/v2\/tags?post=101613"}],"curies":[{"name":"wp","href":"https:\/\/api.w.org\/{rel}","templated":true}]}}