{"id":101417,"date":"2012-12-15T16:24:06","date_gmt":"2012-12-15T15:24:06","guid":{"rendered":"http:\/\/www.pcnen.com\/portal\/?p=101417"},"modified":"2012-12-15T16:24:06","modified_gmt":"2012-12-15T15:24:06","slug":"grobnica-za-prijatelja-macka","status":"publish","type":"post","link":"https:\/\/www.pcnen.com\/portal\/2012\/12\/15\/grobnica-za-prijatelja-macka\/","title":{"rendered":"Grobnica za prijatelja ma\u010dka"},"content":{"rendered":"<p><a href=\"http:\/\/www.pcnen.com\/portal\/wp-content\/uploads\/2012\/12\/grobnica_za_macka.jpg\"><img loading=\"lazy\" decoding=\"async\" class=\"alignleft size-full wp-image-101418\" title=\"grobnica_za_macka\" src=\"http:\/\/www.pcnen.com\/portal\/wp-content\/uploads\/2012\/12\/grobnica_za_macka.jpg\" alt=\"\" width=\"300\" height=\"171\" \/><\/a>Privrednik iz Istanbula Aziz Hortoglu je kupio je parcelu povr\u0161ine pet hiljada metara kvadratnih u selu Demircihalil u gradu Kirklareli gdje je sahranio ku\u0107nog ljubimca, ma\u010dku s kojom je proveo 16 godina \u017eivota.<\/p>\n<p>Hortoglu je za agenciju Anadolija kazao da je odlu\u010dio u ovom selu kupiti parcelu za grobnicu jer u Istanbulu nije mogao prona\u0107i mjesto da sahrani svoga ljubimca.<\/p>\n<p>\u201cDva dana sam u Istanbulu tra\u017eio mjesto gdje \u0107u ukopati ma\u010dku. Kada nisam uspio na\u0107i prigodno mjesto do\u0161ao sam u selo Demircihalil i tu kupio parcelu gdje sam sagradio mermernu grobnicu za svoju Panteru\u201d, rekao je Hortoglu.<\/p>\n<p>Ka\u017ee da je njego ljubimac umro prije skoro godinu i da ga je to za njega bio veliki \u0161ok u \u017eivotu.<\/p>\n<p>\u201cKao dva najbolja prijatelja smo pomagali jedno drugom. Kada bi me vidjela odmah bi se obradovala. Isto tako kada sam ja bio neraspolo\u017een sa njom sam pri\u010dao o svemu.<\/p>\n<p>Izlazili bi smo iz ku\u0107e i satima \u0161etali ulicama. Sa Panterom sam se radovao ali i tugovao svih 16 godina\u201d, napominje Hortoglu.<\/p>\n<p>Na grobu se nalaze razne fotografije njegovog ku\u0107nog ljubimca kao i natpis \u201cZovem se Panter. U Istanbulu sam \u017eivio 16 godina. Od 31.01.2012. godine se vi\u0161e ne sje\u0107am ni\u010dega. Sada sam ovdje\u201d.<\/p>\n<p>Tako\u0111er, na mezaru visine jednog i po metra stoji i tabela na kojoj velikim slovima pi\u0161e: \u201cMjesto gdje le\u017ei Panter&#8221;.<\/p>\n<p>&nbsp;<\/p>\n","protected":false},"excerpt":{"rendered":"<p>Privrednik iz Istanbula Aziz Hortoglu je kupio je parcelu povr\u0161ine pet hiljada metara kvadratnih u selu Demircihalil u gradu Kirklareli gdje je sahranio ku\u0107nog ljubimca.<\/p>\n","protected":false},"author":1,"featured_media":0,"comment_status":"open","ping_status":"closed","sticky":false,"template":"","format":"standard","meta":{"_seopress_robots_primary_cat":"","_seopress_titles_title":"","_seopress_titles_desc":"","_seopress_robots_index":"","_et_pb_use_builder":"","_et_pb_old_content":"","_et_gb_content_width":"","inline_featured_image":false,"footnotes":""},"categories":[9],"tags":[],"class_list":["post-101417","post","type-post","status-publish","format-standard","hentry","category-zanimljivosti"],"_links":{"self":[{"href":"https:\/\/www.pcnen.com\/portal\/wp-json\/wp\/v2\/posts\/101417","targetHints":{"allow":["GET"]}}],"collection":[{"href":"https:\/\/www.pcnen.com\/portal\/wp-json\/wp\/v2\/posts"}],"about":[{"href":"https:\/\/www.pcnen.com\/portal\/wp-json\/wp\/v2\/types\/post"}],"author":[{"embeddable":true,"href":"https:\/\/www.pcnen.com\/portal\/wp-json\/wp\/v2\/users\/1"}],"replies":[{"embeddable":true,"href":"https:\/\/www.pcnen.com\/portal\/wp-json\/wp\/v2\/comments?post=101417"}],"version-history":[{"count":0,"href":"https:\/\/www.pcnen.com\/portal\/wp-json\/wp\/v2\/posts\/101417\/revisions"}],"wp:attachment":[{"href":"https:\/\/www.pcnen.com\/portal\/wp-json\/wp\/v2\/media?parent=101417"}],"wp:term":[{"taxonomy":"category","embeddable":true,"href":"https:\/\/www.pcnen.com\/portal\/wp-json\/wp\/v2\/categories?post=101417"},{"taxonomy":"post_tag","embeddable":true,"href":"https:\/\/www.pcnen.com\/portal\/wp-json\/wp\/v2\/tags?post=101417"}],"curies":[{"name":"wp","href":"https:\/\/api.w.org\/{rel}","templated":true}]}}