{"id":101257,"date":"2012-12-14T14:16:12","date_gmt":"2012-12-14T13:16:12","guid":{"rendered":"http:\/\/www.pcnen.com\/portal\/?p=101257"},"modified":"2012-12-14T14:16:12","modified_gmt":"2012-12-14T13:16:12","slug":"slovacka-se-izborila-za-hriscanske-simbole-na-euru","status":"publish","type":"post","link":"https:\/\/www.pcnen.com\/portal\/2012\/12\/14\/slovacka-se-izborila-za-hriscanske-simbole-na-euru\/","title":{"rendered":"Slova\u010dka se izborila za hri\u0161\u0107anske simbole na euru"},"content":{"rendered":"<p><a href=\"http:\/\/www.pcnen.com\/portal\/wp-content\/uploads\/2012\/12\/kiril-metodi.jpg\"><img loading=\"lazy\" decoding=\"async\" class=\"alignleft size-full wp-image-101258\" title=\"\u0106irilo i Metodije\" src=\"http:\/\/www.pcnen.com\/portal\/wp-content\/uploads\/2012\/12\/kiril-metodi.jpg\" alt=\"\" width=\"300\" height=\"184\" \/><\/a>Slova\u010dka je u Briselu uspjela da se izbori da na nov\u010di\u0107ima od dva eura koje Slova\u010dka narodna banka (SNB) naredne godine pu\u0161ta u promet ipak budu vjerski, hri\u0161\u0107anski simboli &#8211; na glavama svetih \u0106irila i Metodija oreoli, a u ruci krst, prenosi agencija Beta.<\/p>\n<p>&#8220;Nov\u010di\u0107 sa svetim \u0106irilom i Metodijem bi\u0107e u obliku kako je prvobitno predlo\u017een. To je definitivno odobrila Evropska komisija&#8221;, kazao je danas u Briselu slova\u010dki ministar finansija Peter Ka\u017eimir.<\/p>\n<p>Simboli hri\u0161\u0107anstva, krst i oreol zasmetali su nekim \u010dlanicama Evropske unije koje su zatra\u017eile da nov\u010di\u0107 povodom 1150. godi\u0161njice dolaska iz Soluna bra\u0107e \u0106irila i Metodija u Veliku Moravsku, kojoj su donijeli pismenost i hri\u0161\u0107anstvo, bude vjerski neutralan. Slova\u010dka je najprije pristala da ukloni atribute svetih i krst, ali to je u zemlji izazvalo toliko o\u0161tre reakcije da su SNB i vlada odlu\u010dili da insistiraju na prvobitnom grafi\u010dkom predlogu.<\/p>\n<p>&#8220;To je nepo\u0161tovanje vlastite istorije. Ljudi su u vrijeme totalitarnog re\u017eima rizikovali hap\u0161enje jer su \u017eeljeli da govore o \u0106irilu i Metodiju kao o svecima. Da li \u017eivimo u slobodnom dru\u0161tvu ili totalitarnom re\u017eimu kada neko mo\u017ee da nam diktira da li mo\u017eemo da koristimo dr\u017eavne simbole&#8221;, protestovala je Slova\u010dka katoli\u010dka crkva zbog zahtjeva EU.<\/p>\n<p>&nbsp;<\/p>\n","protected":false},"excerpt":{"rendered":"<p>&#8220;Nov\u010di\u0107 sa svetim \u0106irilom i Metodijem bi\u0107e u obliku kako je prvobitno predlo\u017een. To je definitivno odobrila Evropska komisija&#8221;, kazao je danas u Briselu slova\u010dki ministar finansija Peter Ka\u017eimir.<\/p>\n","protected":false},"author":1,"featured_media":0,"comment_status":"open","ping_status":"closed","sticky":false,"template":"","format":"standard","meta":{"_seopress_robots_primary_cat":"","_seopress_titles_title":"","_seopress_titles_desc":"","_seopress_robots_index":"","_et_pb_use_builder":"","_et_pb_old_content":"","_et_gb_content_width":"","inline_featured_image":false,"footnotes":""},"categories":[9],"tags":[],"class_list":["post-101257","post","type-post","status-publish","format-standard","hentry","category-zanimljivosti"],"_links":{"self":[{"href":"https:\/\/www.pcnen.com\/portal\/wp-json\/wp\/v2\/posts\/101257","targetHints":{"allow":["GET"]}}],"collection":[{"href":"https:\/\/www.pcnen.com\/portal\/wp-json\/wp\/v2\/posts"}],"about":[{"href":"https:\/\/www.pcnen.com\/portal\/wp-json\/wp\/v2\/types\/post"}],"author":[{"embeddable":true,"href":"https:\/\/www.pcnen.com\/portal\/wp-json\/wp\/v2\/users\/1"}],"replies":[{"embeddable":true,"href":"https:\/\/www.pcnen.com\/portal\/wp-json\/wp\/v2\/comments?post=101257"}],"version-history":[{"count":0,"href":"https:\/\/www.pcnen.com\/portal\/wp-json\/wp\/v2\/posts\/101257\/revisions"}],"wp:attachment":[{"href":"https:\/\/www.pcnen.com\/portal\/wp-json\/wp\/v2\/media?parent=101257"}],"wp:term":[{"taxonomy":"category","embeddable":true,"href":"https:\/\/www.pcnen.com\/portal\/wp-json\/wp\/v2\/categories?post=101257"},{"taxonomy":"post_tag","embeddable":true,"href":"https:\/\/www.pcnen.com\/portal\/wp-json\/wp\/v2\/tags?post=101257"}],"curies":[{"name":"wp","href":"https:\/\/api.w.org\/{rel}","templated":true}]}}