{"id":100850,"date":"2012-12-09T11:41:03","date_gmt":"2012-12-09T10:41:03","guid":{"rendered":"http:\/\/www.pcnen.com\/portal\/?p=100850"},"modified":"2012-12-09T11:41:03","modified_gmt":"2012-12-09T10:41:03","slug":"potres-na-jugu-grcke","status":"publish","type":"post","link":"https:\/\/www.pcnen.com\/portal\/2012\/12\/09\/potres-na-jugu-grcke\/","title":{"rendered":"Potres na jugu Gr\u010dke"},"content":{"rendered":"<p>Na podru\u010dju ju\u017ene Gr\u010dke registrovan je zemljotres ja\u010dine 4,5 stepeni po Rihterovoj skali, ali nema podataka o povrije\u0111enima i materijalnoj \u0161teti.<\/p>\n<p>Prema podacima Nacionalnog seizmolo\u0161kog instituta SAD, zemljotres se dogodio u 3.23 \u010dasa, a njegov epicentar bio je na oko 30 kilometara zapadno od Korinta.<\/p>\n<p>Gr\u010dka va\u017ei za seizmolo\u0161ki aktivno podru\u010dje i zemljotresi su \u010desta pojava.<\/p>\n","protected":false},"excerpt":{"rendered":"<p>Na podru\u010dju ju\u017ene Gr\u010dke registrovan je zemljotres ja\u010dine 4,5 stepeni po Rihterovoj skali, ali nema podataka o povrije\u0111enima i materijalnoj \u0161teti. Prema podacima Nacionalnog seizmolo\u0161kog instituta SAD, zemljotres se dogodio u 3.23 \u010dasa, a njegov epicentar bio je na oko 30 kilometara zapadno od Korinta. Gr\u010dka va\u017ei za seizmolo\u0161ki aktivno podru\u010dje i zemljotresi su \u010desta [&hellip;]<\/p>\n","protected":false},"author":1,"featured_media":0,"comment_status":"open","ping_status":"closed","sticky":false,"template":"","format":"standard","meta":{"_seopress_robots_primary_cat":"","_seopress_titles_title":"","_seopress_titles_desc":"","_seopress_robots_index":"","_et_pb_use_builder":"","_et_pb_old_content":"","_et_gb_content_width":"","inline_featured_image":false,"footnotes":""},"categories":[14],"tags":[],"class_list":["post-100850","post","type-post","status-publish","format-standard","hentry","category-vijesti"],"_links":{"self":[{"href":"https:\/\/www.pcnen.com\/portal\/wp-json\/wp\/v2\/posts\/100850","targetHints":{"allow":["GET"]}}],"collection":[{"href":"https:\/\/www.pcnen.com\/portal\/wp-json\/wp\/v2\/posts"}],"about":[{"href":"https:\/\/www.pcnen.com\/portal\/wp-json\/wp\/v2\/types\/post"}],"author":[{"embeddable":true,"href":"https:\/\/www.pcnen.com\/portal\/wp-json\/wp\/v2\/users\/1"}],"replies":[{"embeddable":true,"href":"https:\/\/www.pcnen.com\/portal\/wp-json\/wp\/v2\/comments?post=100850"}],"version-history":[{"count":0,"href":"https:\/\/www.pcnen.com\/portal\/wp-json\/wp\/v2\/posts\/100850\/revisions"}],"wp:attachment":[{"href":"https:\/\/www.pcnen.com\/portal\/wp-json\/wp\/v2\/media?parent=100850"}],"wp:term":[{"taxonomy":"category","embeddable":true,"href":"https:\/\/www.pcnen.com\/portal\/wp-json\/wp\/v2\/categories?post=100850"},{"taxonomy":"post_tag","embeddable":true,"href":"https:\/\/www.pcnen.com\/portal\/wp-json\/wp\/v2\/tags?post=100850"}],"curies":[{"name":"wp","href":"https:\/\/api.w.org\/{rel}","templated":true}]}}