{"id":100839,"date":"2012-12-09T10:51:49","date_gmt":"2012-12-09T09:51:49","guid":{"rendered":"http:\/\/www.pcnen.com\/portal\/?p=100839"},"modified":"2012-12-09T10:51:49","modified_gmt":"2012-12-09T09:51:49","slug":"kazne-za-pjevace-koji-izvode-vulgarne-pjesme","status":"publish","type":"post","link":"https:\/\/www.pcnen.com\/portal\/2012\/12\/09\/kazne-za-pjevace-koji-izvode-vulgarne-pjesme\/","title":{"rendered":"Kazne za pjeva\u010de koji izvode vulgarne pjesme"},"content":{"rendered":"<p><a href=\"http:\/\/www.pcnen.com\/portal\/wp-content\/uploads\/2012\/12\/kubanski-pevaci.jpg\"><img loading=\"lazy\" decoding=\"async\" class=\"size-full wp-image-100840 alignleft\" title=\"kubanski pevaci\" src=\"http:\/\/www.pcnen.com\/portal\/wp-content\/uploads\/2012\/12\/kubanski-pevaci.jpg\" alt=\"\" width=\"297\" height=\"170\" \/><\/a>Muzi\u010dari i pkeva\u010di na Kubi koji budu izvodili pkesme sa vulgarnim sadr\u017eajem ili &#8220;suprotne eti\u010dkim standardima&#8221; ubudu\u0107e mogu o\u010dekivati kazne, saop\u0161tio je kubanski Institut za muziku.<\/p>\n<p>Odluka je donijeta nakon mnogobrojnih pritu\u017ebi javnosti zbog vulgarnosti u pojedinim pjesmama koje se izvode na televiziji i radiju.<\/p>\n<p>Vlasti su po\u010dele \u010di\u0161\u0107enje muzi\u010dkih kataloga radi &#8220;iskorjenjivanja svih pojava koje su u suprotnosti sa legitimnom kubanskom popularnom kulturom, kazao je direktor Instituta za muziku Orlando Vistel.<\/p>\n<p>Posebna pa\u017enja bi\u0107e posve\u0107ena &#8220;agresivnim, seksualno eksplicitnim, vulgarnim stihovima, kao i stihovima koji izvr\u0107u uro\u0111enu senzualnost kubanskih \u017eena, pretvaraju\u0107i ih u groteskne seksualne objekte, naveo je Vistel.<\/p>\n<p>Muzi\u010darima je potrebna dozvola za rad na Kubi, a oni koji se ne budu pridr\u017eavali pravila rizikuju da izgube tu dozvolu, izjavio je on, dodaju\u0107i da zvani\u010dnici koji budu dozvoljavali izvo\u0111enje uvredljivih pjesama rizikuju &#8220;stroge sankcije&#8221;.<\/p>\n<p>Ve\u0107ina pritu\u017ebi odnosi se na regeton &#8211; vrsta dens muzike, mje\u0161avina razli\u010ditih muzi\u010dkih \u017eanrova i ritmova koji poti\u010du sa Kariba, koja naj\u010de\u0161\u0107e sadr\u017ei seksualno sugestivne rije\u010di.<\/p>\n<p>Vizel je rekao da kubanske vlasti pripremaju zakon kojim \u0107e biti regulisano &#8220;javno kori\u0161\u0107enje muzike&#8221; na televiziji i radiju, koncertima i javnim zbivanjima.<\/p>\n","protected":false},"excerpt":{"rendered":"<p>Muzi\u010dari i pkeva\u010di na Kubi koji budu izvodili pkesme sa vulgarnim sadr\u017eajem ili &#8220;suprotne eti\u010dkim standardima&#8221; ubudu\u0107e mogu o\u010dekivati kazne, saop\u0161tio je kubanski Institut za muziku. Odluka je donijeta nakon mnogobrojnih pritu\u017ebi javnosti zbog vulgarnosti u pojedinim pjesmama koje se izvode na televiziji i radiju. Vlasti su po\u010dele \u010di\u0161\u0107enje muzi\u010dkih kataloga radi &#8220;iskorjenjivanja svih pojava [&hellip;]<\/p>\n","protected":false},"author":1,"featured_media":0,"comment_status":"open","ping_status":"closed","sticky":false,"template":"","format":"standard","meta":{"_seopress_robots_primary_cat":"","_seopress_titles_title":"","_seopress_titles_desc":"","_seopress_robots_index":"","_et_pb_use_builder":"","_et_pb_old_content":"","_et_gb_content_width":"","inline_featured_image":false,"footnotes":""},"categories":[9],"tags":[],"class_list":["post-100839","post","type-post","status-publish","format-standard","hentry","category-zanimljivosti"],"_links":{"self":[{"href":"https:\/\/www.pcnen.com\/portal\/wp-json\/wp\/v2\/posts\/100839","targetHints":{"allow":["GET"]}}],"collection":[{"href":"https:\/\/www.pcnen.com\/portal\/wp-json\/wp\/v2\/posts"}],"about":[{"href":"https:\/\/www.pcnen.com\/portal\/wp-json\/wp\/v2\/types\/post"}],"author":[{"embeddable":true,"href":"https:\/\/www.pcnen.com\/portal\/wp-json\/wp\/v2\/users\/1"}],"replies":[{"embeddable":true,"href":"https:\/\/www.pcnen.com\/portal\/wp-json\/wp\/v2\/comments?post=100839"}],"version-history":[{"count":0,"href":"https:\/\/www.pcnen.com\/portal\/wp-json\/wp\/v2\/posts\/100839\/revisions"}],"wp:attachment":[{"href":"https:\/\/www.pcnen.com\/portal\/wp-json\/wp\/v2\/media?parent=100839"}],"wp:term":[{"taxonomy":"category","embeddable":true,"href":"https:\/\/www.pcnen.com\/portal\/wp-json\/wp\/v2\/categories?post=100839"},{"taxonomy":"post_tag","embeddable":true,"href":"https:\/\/www.pcnen.com\/portal\/wp-json\/wp\/v2\/tags?post=100839"}],"curies":[{"name":"wp","href":"https:\/\/api.w.org\/{rel}","templated":true}]}}